{"id":2382,"date":"2023-11-30T15:50:35","date_gmt":"2023-11-30T18:50:35","guid":{"rendered":"https:\/\/cambalache.coop.ar\/?p=2382"},"modified":"2025-08-27T11:29:01","modified_gmt":"2025-08-27T14:29:01","slug":"mapeos-participativos-formar-cultura","status":"publish","type":"post","link":"https:\/\/cambalache.coop.ar\/en\/mapeos-participativos-formar-cultura\/","title":{"rendered":"Mapeos Participativos &#8211; Formar Cultura"},"content":{"rendered":"<p>Te invitamos a ver el curso de Mapeo Participativo que hicimos para FORMAR CULTURA. Formar Cultura es la plataforma de formaci\u00f3n del Ministerio de Cultura de la Naci\u00f3n que brinda oportunidades de acceso a la formaci\u00f3n, un espacio para generar redes de intercambio, y la posibilidad de trabajar con material especializado en diversas pr\u00e1cticas culturales.<\/p>\n\n\n\n<p><\/p>\n\n\n\n<p>\u00bfC\u00f3mo organizar un mapeo participativo? Parte 1 &#8211; Patricia Leonor Cirillo<\/p>\n\n\n\n<figure class=\"wp-block-embed is-type-video is-provider-youtube wp-block-embed-youtube wp-embed-aspect-16-9 wp-has-aspect-ratio\"><div class=\"wp-block-embed__wrapper\">\n<div class='embed-container'><iframe title=\"\u00bfC\u00f3mo organizar un mapeo participativo? Parte 1\" width=\"1920\" height=\"1080\" src=\"https:\/\/www.youtube.com\/embed\/Uh-ecYXHC-s?feature=oembed\" frameborder=\"0\" allow=\"accelerometer; autoplay; clipboard-write; encrypted-media; gyroscope; picture-in-picture; web-share\" referrerpolicy=\"strict-origin-when-cross-origin\" allowfullscreen><\/iframe><\/div>\n<\/div><\/figure>\n\n\n\n<p><br>\u00bfC\u00f3mo organizar un mapeo participativo? Parte 2 &#8211; Cristian Mat\u00edas W\u00f6rner<\/p>\n\n\n\n<figure class=\"wp-block-embed is-type-video is-provider-youtube wp-block-embed-youtube\"><div class=\"wp-block-embed__wrapper\">\n<div class='embed-container'><iframe title=\"C\u00f3mo organizar un mapeo participativo (Parte 2) | Cristian Mat\u00edas W\u00f6rner | Formar Cultura\" width=\"1920\" height=\"1080\" src=\"https:\/\/www.youtube.com\/embed\/mIBScKC6jdU?feature=oembed\" frameborder=\"0\" allow=\"accelerometer; autoplay; clipboard-write; encrypted-media; gyroscope; picture-in-picture; web-share\" referrerpolicy=\"strict-origin-when-cross-origin\" allowfullscreen><\/iframe><\/div>\n<\/div><\/figure>\n\n\n\n<p><br>\u00bfC\u00f3mo organizar un mapeo participativo? Parte 3 &#8211; Florencia Costa<\/p>\n\n\n\n<figure class=\"wp-block-embed is-type-video is-provider-youtube wp-block-embed-youtube wp-embed-aspect-16-9 wp-has-aspect-ratio\"><div class=\"wp-block-embed__wrapper\">\n<div class='embed-container'><iframe title=\"C\u00f3mo organizar un mapeo participativo (Parte 3) | Florencia Costa | Formar Cultura\" width=\"1920\" height=\"1080\" src=\"https:\/\/www.youtube.com\/embed\/EUzuRTHH0-8?feature=oembed\" frameborder=\"0\" allow=\"accelerometer; autoplay; clipboard-write; encrypted-media; gyroscope; picture-in-picture; web-share\" referrerpolicy=\"strict-origin-when-cross-origin\" allowfullscreen><\/iframe><\/div>\n<\/div><\/figure>","protected":false},"excerpt":{"rendered":"<p>Te invitamos a ver el curso de Mapeo Participativo que hicimos para FORMAR CULTURA. Formar Cultura es la plataforma de formaci\u00f3n del Ministerio de Cultura de la Naci\u00f3n que brinda oportunidades de acceso a la formaci\u00f3n, un espacio para generar redes de intercambio, y la posibilidad de trabajar con material especializado en diversas pr\u00e1cticas culturales.&hellip; <br \/> <a class=\"read-more\" href=\"https:\/\/cambalache.coop.ar\/en\/mapeos-participativos-formar-cultura\/\">Read more<\/a><\/p>","protected":false},"author":3,"featured_media":5130,"comment_status":"closed","ping_status":"closed","sticky":false,"template":"","format":"standard","meta":{"_acf_changed":false,"_jetpack_memberships_contains_paid_content":false,"footnotes":""},"categories":[37,19],"tags":[],"acf":[],"jetpack_sharing_enabled":true,"jetpack_featured_media_url":"https:\/\/cambalache.coop.ar\/wp-content\/uploads\/2023\/11\/portada_formar-cultura.png","_links":{"self":[{"href":"https:\/\/cambalache.coop.ar\/en\/wp-json\/wp\/v2\/posts\/2382"}],"collection":[{"href":"https:\/\/cambalache.coop.ar\/en\/wp-json\/wp\/v2\/posts"}],"about":[{"href":"https:\/\/cambalache.coop.ar\/en\/wp-json\/wp\/v2\/types\/post"}],"author":[{"embeddable":true,"href":"https:\/\/cambalache.coop.ar\/en\/wp-json\/wp\/v2\/users\/3"}],"replies":[{"embeddable":true,"href":"https:\/\/cambalache.coop.ar\/en\/wp-json\/wp\/v2\/comments?post=2382"}],"version-history":[{"count":2,"href":"https:\/\/cambalache.coop.ar\/en\/wp-json\/wp\/v2\/posts\/2382\/revisions"}],"predecessor-version":[{"id":5543,"href":"https:\/\/cambalache.coop.ar\/en\/wp-json\/wp\/v2\/posts\/2382\/revisions\/5543"}],"wp:featuredmedia":[{"embeddable":true,"href":"https:\/\/cambalache.coop.ar\/en\/wp-json\/wp\/v2\/media\/5130"}],"wp:attachment":[{"href":"https:\/\/cambalache.coop.ar\/en\/wp-json\/wp\/v2\/media?parent=2382"}],"wp:term":[{"taxonomy":"category","embeddable":true,"href":"https:\/\/cambalache.coop.ar\/en\/wp-json\/wp\/v2\/categories?post=2382"},{"taxonomy":"post_tag","embeddable":true,"href":"https:\/\/cambalache.coop.ar\/en\/wp-json\/wp\/v2\/tags?post=2382"}],"curies":[{"name":"wp","href":"https:\/\/api.w.org\/{rel}","templated":true}]}}