{"id":5931,"date":"2026-09-02T10:34:46","date_gmt":"2026-09-02T13:34:46","guid":{"rendered":"https:\/\/cambalache.coop.ar\/?p=5931"},"modified":"2026-09-02T10:34:53","modified_gmt":"2026-09-02T13:34:53","slug":"taller-virtual-idera-analisis-territorial-y-deteccion-de-areas-quemadas-con-imagenes-satelitales","status":"publish","type":"post","link":"https:\/\/cambalache.coop.ar\/en\/taller-virtual-idera-analisis-territorial-y-deteccion-de-areas-quemadas-con-imagenes-satelitales\/","title":{"rendered":"Taller virtual IDERA: An\u00e1lisis territorial y detecci\u00f3n de \u00e1reas quemadas con im\u00e1genes satelitales"},"content":{"rendered":"<p>En el marco del Ciclo de Desarrollo de Capacidades IDERA 2026, desde <strong>Cambalache Cooperativa Geogr\u00e1fica<\/strong> dictamos el 27 de agosto de 2026, el taller virtual y gratuito <strong>\u201cAn\u00e1lisis territorial y detecci\u00f3n de \u00e1reas quemadas con im\u00e1genes satelitales\u201d<\/strong>, organizado por el Grupo T\u00e9cnico de Trabajo \u201cCapacitaci\u00f3n\u201d de IDERA.<\/p>\n\n\n\n<p>El taller estuvo orientado a introducir herramientas y metodolog\u00edas para el procesamiento de im\u00e1genes satelitales y el an\u00e1lisis territorial de \u00e1reas afectadas por incendios, utilizando <strong>QGIS<\/strong> e im\u00e1genes <strong>Sentinel-2<\/strong>.<\/p>\n\n\n\n<p>El dictado del mismo estuvo a cargo de <strong>Lucrecia Nota Francisco<\/strong> y <strong>David Curbela<\/strong>.<\/p>\n\n\n\n<h3 class=\"wp-block-heading\">Contenidos del taller:<\/h3>\n\n\n\n<ul>\n<li>Procesamiento de im\u00e1genes Sentinel-2.<\/li>\n\n\n\n<li>C\u00e1lculo del \u00edndice NBR (Normalized Burn Ratio) para situaciones pre y post incendio.<\/li>\n\n\n\n<li>C\u00e1lculo del diferencial NBR (dNBR).<\/li>\n\n\n\n<li>Detecci\u00f3n y delimitaci\u00f3n de \u00e1reas quemadas.<\/li>\n\n\n\n<li>C\u00e1lculo de la superficie afectada.<\/li>\n\n\n\n<li>An\u00e1lisis territorial de las \u00e1reas quemadas mediante su integraci\u00f3n con otras capas de informaci\u00f3n geogr\u00e1fica.<\/li>\n<\/ul>\n\n\n\n<h3 class=\"wp-block-heading\">Requerimientos para realizarlo:<\/h3>\n\n\n\n<ul>\n<li>Conocimientos b\u00e1sicos de QGIS.<\/li>\n\n\n\n<li>Tener QGIS instalado.<\/li>\n<\/ul>\n\n\n\n<p>\u00a1Antes de comenzar el taller&nbsp;<strong><a href=\"https:\/\/drive.google.com\/drive\/u\/1\/folders\/1skuqNzWmvxp_-u-s2XmbMUftEJGG8AQW\" target=\"_blank\" rel=\"noreferrer noopener\">descargate aqu\u00ed<\/a><\/strong>&nbsp;todo el material para poder seguirlo!<\/p>\n\n\n\n<figure class=\"wp-block-embed is-type-video is-provider-youtube wp-block-embed-youtube wp-embed-aspect-16-9 wp-has-aspect-ratio\"><div class=\"wp-block-embed__wrapper\">\n<div class='embed-container'><iframe title=\"Taller Virtual sobre: An\u00e1lisis territorial y detecci\u00f3n de \u00e1reas quemadas, con im\u00e1genes satelitales\" width=\"1920\" height=\"1080\" src=\"https:\/\/www.youtube.com\/embed\/JEzqRqp3QBg?feature=oembed\" frameborder=\"0\" allow=\"accelerometer; autoplay; clipboard-write; encrypted-media; gyroscope; picture-in-picture; web-share\" referrerpolicy=\"strict-origin-when-cross-origin\" allowfullscreen><\/iframe><\/div>\n<\/div><\/figure>\n\n\n\n<p>\u00a1<a href=\"https:\/\/www.youtube.com\/channel\/UCYkW9kGkPcXcFwXv_VgOpDw?sub_confirmation=1\" target=\"_blank\" rel=\"noreferrer noopener\">Subscribe<\/a>&nbsp;a nuestro canal para ver muchos m\u00e1s contenidos como este y estar al tanto de nuestras pr\u00f3ximas publicaciones!<\/p>\n\n\n\n<p class=\"has-text-align-center\"><\/p>\n\n\n\n<p class=\"has-text-align-left\">Curso recomendado:<\/p>\n\n\n\n<div class=\"wp-block-buttons is-layout-flex wp-block-buttons-is-layout-flex\">\n<div class=\"wp-block-button\"><a class=\"wp-block-button__link has-pale-cyan-blue-background-color has-background has-text-align-center wp-element-button\" href=\"https:\/\/escueladesig.com.ar\/product\/imagenes-satelitales\/\" style=\"border-radius:20px\" target=\"_blank\" rel=\"noreferrer noopener\"><strong>Satellite Images<\/strong><\/a><\/div>\n<\/div>","protected":false},"excerpt":{"rendered":"<p>En el marco del Ciclo de Desarrollo de Capacidades IDERA 2026, desde Cambalache Cooperativa Geogr\u00e1fica dictamos el 27 de agosto de 2026, el taller virtual y gratuito \u201cAn\u00e1lisis territorial y detecci\u00f3n de \u00e1reas quemadas con im\u00e1genes satelitales\u201d, organizado por el Grupo T\u00e9cnico de Trabajo \u201cCapacitaci\u00f3n\u201d de IDERA. El taller estuvo orientado a introducir herramientas y&hellip; <br \/> <a class=\"read-more\" href=\"https:\/\/cambalache.coop.ar\/en\/taller-virtual-idera-analisis-territorial-y-deteccion-de-areas-quemadas-con-imagenes-satelitales\/\">Read more<\/a><\/p>","protected":false},"author":11,"featured_media":5933,"comment_status":"closed","ping_status":"closed","sticky":false,"template":"","format":"standard","meta":{"_acf_changed":false,"_jetpack_memberships_contains_paid_content":false,"footnotes":""},"categories":[37,35],"tags":[],"acf":[],"jetpack_sharing_enabled":true,"jetpack_featured_media_url":"https:\/\/cambalache.coop.ar\/wp-content\/uploads\/2026\/09\/portada_analisis_territorial.png","_links":{"self":[{"href":"https:\/\/cambalache.coop.ar\/en\/wp-json\/wp\/v2\/posts\/5931"}],"collection":[{"href":"https:\/\/cambalache.coop.ar\/en\/wp-json\/wp\/v2\/posts"}],"about":[{"href":"https:\/\/cambalache.coop.ar\/en\/wp-json\/wp\/v2\/types\/post"}],"author":[{"embeddable":true,"href":"https:\/\/cambalache.coop.ar\/en\/wp-json\/wp\/v2\/users\/11"}],"replies":[{"embeddable":true,"href":"https:\/\/cambalache.coop.ar\/en\/wp-json\/wp\/v2\/comments?post=5931"}],"version-history":[{"count":1,"href":"https:\/\/cambalache.coop.ar\/en\/wp-json\/wp\/v2\/posts\/5931\/revisions"}],"predecessor-version":[{"id":5934,"href":"https:\/\/cambalache.coop.ar\/en\/wp-json\/wp\/v2\/posts\/5931\/revisions\/5934"}],"wp:featuredmedia":[{"embeddable":true,"href":"https:\/\/cambalache.coop.ar\/en\/wp-json\/wp\/v2\/media\/5933"}],"wp:attachment":[{"href":"https:\/\/cambalache.coop.ar\/en\/wp-json\/wp\/v2\/media?parent=5931"}],"wp:term":[{"taxonomy":"category","embeddable":true,"href":"https:\/\/cambalache.coop.ar\/en\/wp-json\/wp\/v2\/categories?post=5931"},{"taxonomy":"post_tag","embeddable":true,"href":"https:\/\/cambalache.coop.ar\/en\/wp-json\/wp\/v2\/tags?post=5931"}],"curies":[{"name":"wp","href":"https:\/\/api.w.org\/{rel}","templated":true}]}}